{"id":7830,"date":"2026-08-31T09:00:00","date_gmt":"2026-08-31T09:00:00","guid":{"rendered":"https:\/\/ataox.org\/blog\/?p=7830"},"modified":"2026-08-31T09:00:00","modified_gmt":"2026-08-31T09:00:00","slug":"bataille-de-marignan","status":"publish","type":"post","link":"https:\/\/ataox.org\/blog\/articles\/bataille-de-marignan\/","title":{"rendered":"Bataille de Marignan : Histoire Site 2026"},"content":{"rendered":"<p>La <strong>bataille de Marignan<\/strong>, qui a eu lieu en septembre 1515, est un \u00e9v\u00e9nement cl\u00e9 de l\u2019histoire militaire europ\u00e9enne, marquant l\u2019affirmation de la puissance fran\u00e7aise sous Fran\u00e7ois Ier. Cette bataille, qui s\u2019est d\u00e9roul\u00e9e pr\u00e8s de Milan, a \u00e9t\u00e9 un tournant d\u00e9cisif dans les guerres d\u2019Italie. Les internautes int\u00e9ress\u00e9s par cet \u00e9v\u00e9nement historique recherchent souvent des d\u00e9tails sur son contexte, ses cons\u00e9quences et son importance dans l\u2019histoire fran\u00e7aise.<\/p>\n<p>\u00c0 travers cet article, nous explorerons les diff\u00e9rents aspects de la bataille de Marignan, en mettant l\u2019accent sur les retours d\u2019exp\u00e9rience des historiens et passionn\u00e9s qui ont \u00e9tudi\u00e9 cette p\u00e9riode. Nous aborderons \u00e9galement les \u00e9l\u00e9ments strat\u00e9giques qui ont conduit \u00e0 la victoire fran\u00e7aise.<\/p>\n<h2>Contexte historique<\/h2>\n<h3>Les enjeux avant la bataille<\/h3>\n<p>Avant Marignan, l\u2019Italie \u00e9tait un champ de bataille pour plusieurs puissances europ\u00e9ennes. Les \u00c9tats italiens \u00e9taient divis\u00e9s et souvent sous le contr\u00f4le de puissances \u00e9trang\u00e8res comme la France et l\u2019Espagne. Fran\u00e7ois Ier souhaitait \u00e9tendre son influence en Italie et r\u00e9cup\u00e9rer le duch\u00e9 de Milan, alors sous domination suisse.<\/p>\n<h3>Forces en pr\u00e9sence<\/h3>\n<p>Les forces fran\u00e7aises comptaient environ <strong>30 000 hommes<\/strong>, dont des mercenaires italiens et des alli\u00e9s. En face, les Suisses avaient une arm\u00e9e d\u2019environ <strong>20 000 soldats<\/strong> bien entra\u00een\u00e9s et r\u00e9put\u00e9s pour leur bravoure au combat. La sup\u00e9riorit\u00e9 num\u00e9rique fran\u00e7aise joua un r\u00f4le crucial dans le d\u00e9roulement du conflit.<\/p>\n<h2>D\u00e9roulement de la bataille<\/h2>\n<h3>Les premi\u00e8res heures : strat\u00e9gies et man\u0153uvres<\/h3>\n<p>Le 13 septembre 1515, la bataille d\u00e9bute par une s\u00e9rie d\u2019escarmouches. Les Fran\u00e7ais adoptent une formation en \u201ctortue\u201d, permettant une protection efficace contre les projectiles ennemis. La tactique des Suisses repose sur des charges frontales audacieuses, mais mal coordonn\u00e9es.<\/p>\n<h4>Tableau r\u00e9capitulatif des forces<\/h4>\n<table class=\"kwdbank-table\">\n<thead>\n<tr>\n<th>Force<\/th>\n<th>Effectifs<\/th>\n<th>Commandant<\/th>\n<\/tr>\n<\/thead>\n<tbody>\n<tr>\n<td>Fran\u00e7ais<\/td>\n<td>30 000<\/td>\n<td>Fran\u00e7ois Ier<\/td>\n<\/tr>\n<tr>\n<td>Suisses<\/td>\n<td>20 000<\/td>\n<td>Sigismond von Erlach<\/td>\n<\/tr>\n<\/tbody>\n<\/table>\n<h3>L\u2019issue d\u00e9cisive : l\u2019attaque finale<\/h3>\n<p>Vers la fin de la journ\u00e9e, Fran\u00e7ois Ier lance une contre-attaque d\u00e9terminante. Gr\u00e2ce \u00e0 un flanking maneuver (man\u0153uvre d\u2019encerclement), les troupes fran\u00e7aises parviennent \u00e0 percer les lignes suisses. Cette man\u0153uvre fut renforc\u00e9e par une charge de cavalerie qui d\u00e9sorganisa compl\u00e8tement les rangs ennemis.<\/p>\n<h2>Cons\u00e9quences de la victoire<\/h2>\n<h3>La mont\u00e9e en puissance de Fran\u00e7ois Ier<\/h3>\n<p>La victoire \u00e0 Marignan a permis \u00e0 Fran\u00e7ois Ier d\u2019affirmer son autorit\u00e9 sur l\u2019Italie du Nord. Ce succ\u00e8s militaire a aussi renforc\u00e9 sa position sur le plan int\u00e9rieur face aux nobles fran\u00e7ais r\u00e9ticents \u00e0 ses ambitions.<\/p>\n<h3>\u00c9volutions militaires et diplomatiques<\/h3>\n<p>Marignan a \u00e9galement marqu\u00e9 un tournant dans les strat\u00e9gies militaires europ\u00e9ennes. Les m\u00e9thodes employ\u00e9es lors de cette bataille ont \u00e9t\u00e9 analys\u00e9es et copi\u00e9es par d\u2019autres puissances europ\u00e9ennes. De plus, ce conflit a men\u00e9 \u00e0 des n\u00e9gociations diplomatiques ult\u00e9rieures entre la France et ses rivaux europ\u00e9ens.<\/p>\n<h2>Pi\u00e8ges \u00e0 \u00e9viter lors de l\u2019analyse historique<\/h2>\n<p>Lorsqu\u2019on \u00e9tudie des batailles historiques comme celle de Marignan, il est crucial d\u2019\u00e9viter le pi\u00e8ge du simplisme narratif. R\u00e9duire ce conflit \u00e0 une simple victoire ou d\u00e9faite sans tenir compte des nuances politiques et sociales peut conduire \u00e0 une mauvaise compr\u00e9hension des enjeux sous-jacents.<\/p>\n<h2>Actions imm\u00e9diates pour approfondir vos connaissances<\/h2>\n<p>Pour ceux qui souhaitent explorer davantage cet \u00e9v\u00e9nement marquant :<\/p>\n<ol>\n<li><strong>Visitez des mus\u00e9es<\/strong> : Plusieurs mus\u00e9es en France consacrent des expositions aux guerres d\u2019Italie.<\/li>\n<li><strong>Lisez des ouvrages sp\u00e9cialis\u00e9s<\/strong> : Des livres comme \u201cMarignan : La Bataille\u201d par Pierre Dupuy offrent une analyse approfondie.<\/li>\n<li><strong>Participez \u00e0 des conf\u00e9rences historiques<\/strong> : De nombreux historiens discutent r\u00e9guli\u00e8rement des implications historiques de cette bataille.<\/li>\n<\/ol>\n<h2>FAQ<\/h2>\n<h3>Quelle est la date exacte de la bataille de Marignan ?<\/h3>\n<p>La bataille a eu lieu du 13 au 14 septembre 1515.<\/p>\n<h3>Qui \u00e9taient les principaux commandants impliqu\u00e9s ?<\/h3>\n<p>Fran\u00e7ois Ier pour la France et Sigismond von Erlach pour les Suisses.<\/p>\n<h3>Quels \u00e9taient les r\u00e9sultats imm\u00e9diats apr\u00e8s la bataille ?<\/h3>\n<p>Les Fran\u00e7ais ont pris le contr\u00f4le du duch\u00e9 de Milan et renforc\u00e9 leur position en Italie.<\/p>\n<h3>Comment Marignan a-t-elle influenc\u00e9 les guerres suivantes ?<\/h3>\n<p>Cette victoire a donn\u00e9 confiance aux Fran\u00e7ais pour poursuivre leurs ambitions territoriales en Italie.<\/p>\n<h3>Quels sont les aspects militaires innovants observ\u00e9s lors de cette bataille ?<\/h3>\n<p>L\u2019utilisation combin\u00e9e d\u2019infanterie lourde avec une cavalerie rapide a \u00e9t\u00e9 d\u00e9terminante pour le succ\u00e8s fran\u00e7ais.<\/p>\n<h3>O\u00f9 se situe aujourd\u2019hui le champ de bataille ?<\/h3>\n<p>Le site est situ\u00e9 pr\u00e8s du village actuel de Marignano, non loin de Milan, en Italie.<\/p>\n<p>En explorant ces questions cl\u00e9s autour de la bataille de Marignan, vous pourrez mieux comprendre son impact durable sur l\u2019histoire europ\u00e9enne et militaire.<\/p>\n","protected":false},"excerpt":{"rendered":"","protected":false},"author":34,"featured_media":999999999,"comment_status":"open","ping_status":"open","sticky":false,"template":"","format":"standard","meta":{"_acf_changed":false,"manual_indexmenow":false,"indexmenow_id_project":0,"footnotes":""},"categories":[4716],"tags":[],"class_list":["post-7830","post","type-post","status-publish","format-standard","has-post-thumbnail","hentry","category-articles","generate-columns","tablet-grid-50","mobile-grid-100","grid-parent","grid-25"],"acf":[],"yoast_head":"<!-- This site is optimized with the Yoast SEO Premium plugin v21.3 (Yoast SEO v27.3) - https:\/\/yoast.com\/product\/yoast-seo-premium-wordpress\/ -->\n<title>Bataille de Marignan : Histoire Site 2026<\/title>\n<meta name=\"description\" content=\"La bataille de Marignan, qui a eu lieu en septembre 1515, est un \u00e9v\u00e9nement cl\u00e9 de l&#039;histoire militaire europ\u00e9enne, marquant l&#039;affirmation de la puissance\u2026\" \/>\n<meta name=\"robots\" content=\"index, follow, max-snippet:-1, max-image-preview:large, max-video-preview:-1\" \/>\n<link rel=\"canonical\" href=\"https:\/\/ataox.org\/blog\/articles\/bataille-de-marignan\/\" \/>\n<meta property=\"og:locale\" content=\"fr_FR\" \/>\n<meta property=\"og:type\" content=\"article\" \/>\n<meta property=\"og:title\" content=\"Bataille de Marignan : Histoire Site 2026\" \/>\n<meta property=\"og:description\" content=\"La bataille de Marignan, qui a eu lieu en septembre 1515, est un \u00e9v\u00e9nement cl\u00e9 de l&#039;histoire militaire europ\u00e9enne, marquant l&#039;affirmation de la puissance\u2026\" \/>\n<meta property=\"og:url\" content=\"https:\/\/ataox.org\/blog\/articles\/bataille-de-marignan\/\" \/>\n<meta property=\"og:site_name\" content=\"ataox\" \/>\n<meta name=\"author\" content=\"Hugo L.\" \/>\n<meta name=\"twitter:card\" content=\"summary_large_image\" \/>\n<script type=\"application\/ld+json\" class=\"yoast-schema-graph\">{\"@context\":\"https:\\\/\\\/schema.org\",\"@graph\":[{\"@type\":\"NewsArticle\",\"@id\":\"https:\\\/\\\/ataox.org\\\/blog\\\/articles\\\/bataille-de-marignan\\\/#article\",\"isPartOf\":{\"@id\":\"https:\\\/\\\/ataox.org\\\/blog\\\/articles\\\/bataille-de-marignan\\\/\"},\"author\":{\"name\":\"Hugo L.\",\"@id\":\"https:\\\/\\\/ataox.org\\\/blog\\\/#\\\/schema\\\/person\\\/3c864cdc320801e3db34b663e7e3f816\"},\"headline\":\"Bataille de Marignan : Histoire Site 2026\",\"datePublished\":\"2026-08-31T09:00:00+00:00\",\"mainEntityOfPage\":{\"@id\":\"https:\\\/\\\/ataox.org\\\/blog\\\/articles\\\/bataille-de-marignan\\\/\"},\"wordCount\":811,\"commentCount\":0,\"publisher\":{\"@id\":\"https:\\\/\\\/ataox.org\\\/blog\\\/#organization\"},\"image\":{\"@id\":\"https:\\\/\\\/ataox.org\\\/blog\\\/articles\\\/bataille-de-marignan\\\/#primaryimage\"},\"thumbnailUrl\":\"https:\\\/\\\/images.pexels.com\\\/photos\\\/18326497\\\/pexels-photo-18326497.jpeg?auto=compress&cs=tinysrgb&fit=crop&h=627&w=1200\",\"articleSection\":[\"Articles\"],\"inLanguage\":\"fr-FR\",\"potentialAction\":[{\"@type\":\"CommentAction\",\"name\":\"Comment\",\"target\":[\"https:\\\/\\\/ataox.org\\\/blog\\\/articles\\\/bataille-de-marignan\\\/#respond\"]}]},{\"@type\":\"WebPage\",\"@id\":\"https:\\\/\\\/ataox.org\\\/blog\\\/articles\\\/bataille-de-marignan\\\/\",\"url\":\"https:\\\/\\\/ataox.org\\\/blog\\\/articles\\\/bataille-de-marignan\\\/\",\"name\":\"Bataille de Marignan : Histoire Site 2026\",\"isPartOf\":{\"@id\":\"https:\\\/\\\/ataox.org\\\/blog\\\/#website\"},\"primaryImageOfPage\":{\"@id\":\"https:\\\/\\\/ataox.org\\\/blog\\\/articles\\\/bataille-de-marignan\\\/#primaryimage\"},\"image\":{\"@id\":\"https:\\\/\\\/ataox.org\\\/blog\\\/articles\\\/bataille-de-marignan\\\/#primaryimage\"},\"thumbnailUrl\":\"https:\\\/\\\/images.pexels.com\\\/photos\\\/18326497\\\/pexels-photo-18326497.jpeg?auto=compress&cs=tinysrgb&fit=crop&h=627&w=1200\",\"datePublished\":\"2026-08-31T09:00:00+00:00\",\"description\":\"La bataille de Marignan, qui a eu lieu en septembre 1515, est un \u00e9v\u00e9nement cl\u00e9 de l'histoire militaire europ\u00e9enne, marquant l'affirmation de la puissance\u2026\",\"inLanguage\":\"fr-FR\",\"potentialAction\":[{\"@type\":\"ReadAction\",\"target\":[\"https:\\\/\\\/ataox.org\\\/blog\\\/articles\\\/bataille-de-marignan\\\/\"]}]},{\"@type\":\"ImageObject\",\"inLanguage\":\"fr-FR\",\"@id\":\"https:\\\/\\\/ataox.org\\\/blog\\\/articles\\\/bataille-de-marignan\\\/#primaryimage\",\"url\":\"https:\\\/\\\/images.pexels.com\\\/photos\\\/18326497\\\/pexels-photo-18326497.jpeg?auto=compress&cs=tinysrgb&fit=crop&h=627&w=1200\",\"contentUrl\":\"https:\\\/\\\/images.pexels.com\\\/photos\\\/18326497\\\/pexels-photo-18326497.jpeg?auto=compress&cs=tinysrgb&fit=crop&h=627&w=1200\"},{\"@type\":\"WebSite\",\"@id\":\"https:\\\/\\\/ataox.org\\\/blog\\\/#website\",\"url\":\"https:\\\/\\\/ataox.org\\\/blog\\\/\",\"name\":\"ataox.org\",\"description\":\"Ataox, l&#039;innovation au service de la technologie\",\"publisher\":{\"@id\":\"https:\\\/\\\/ataox.org\\\/blog\\\/#organization\"},\"alternateName\":\"Ataox, l'innovation au service de la technologie\",\"potentialAction\":[{\"@type\":\"SearchAction\",\"target\":{\"@type\":\"EntryPoint\",\"urlTemplate\":\"https:\\\/\\\/ataox.org\\\/blog\\\/?s={search_term_string}\"},\"query-input\":{\"@type\":\"PropertyValueSpecification\",\"valueRequired\":true,\"valueName\":\"search_term_string\"}}],\"inLanguage\":\"fr-FR\"},{\"@type\":\"Organization\",\"@id\":\"https:\\\/\\\/ataox.org\\\/blog\\\/#organization\",\"name\":\"Foretsensations.fr\",\"url\":\"https:\\\/\\\/ataox.org\\\/blog\\\/\",\"logo\":{\"@type\":\"ImageObject\",\"inLanguage\":\"fr-FR\",\"@id\":\"https:\\\/\\\/ataox.org\\\/blog\\\/#\\\/schema\\\/logo\\\/image\\\/\",\"url\":\"https:\\\/\\\/ataox.org\\\/blog\\\/wp-content\\\/uploads\\\/2024\\\/12\\\/12.png\",\"contentUrl\":\"https:\\\/\\\/ataox.org\\\/blog\\\/wp-content\\\/uploads\\\/2024\\\/12\\\/12.png\",\"width\":500,\"height\":500,\"caption\":\"Foretsensations.fr\"},\"image\":{\"@id\":\"https:\\\/\\\/ataox.org\\\/blog\\\/#\\\/schema\\\/logo\\\/image\\\/\"}},{\"@type\":\"Person\",\"@id\":\"https:\\\/\\\/ataox.org\\\/blog\\\/#\\\/schema\\\/person\\\/3c864cdc320801e3db34b663e7e3f816\",\"name\":\"Hugo L.\",\"image\":{\"@type\":\"ImageObject\",\"inLanguage\":\"fr-FR\",\"@id\":\"https:\\\/\\\/ataox.org\\\/blog\\\/wp-content\\\/uploads\\\/2026\\\/06\\\/persona_hugo-l-96x96.jpg\",\"url\":\"https:\\\/\\\/ataox.org\\\/blog\\\/wp-content\\\/uploads\\\/2026\\\/06\\\/persona_hugo-l-96x96.jpg\",\"contentUrl\":\"https:\\\/\\\/ataox.org\\\/blog\\\/wp-content\\\/uploads\\\/2026\\\/06\\\/persona_hugo-l-96x96.jpg\",\"caption\":\"Hugo L.\"},\"description\":\"Geek assum\u00e9 et veilleur tech depuis plus de dix ans, je passe mes journ\u00e9es \u00e0 tester, comparer et expliquer le num\u00e9rique. Mes terrains favoris : les astuces high-tech du quotidien, la s\u00e9curit\u00e9 en ligne et les outils web, des VPN aux logiciels qui simplifient la vie. J'aime prendre un sujet r\u00e9put\u00e9 compliqu\u00e9 et le rendre limpide pour quelqu'un qui n'est pas d\u00e9veloppeur. Avant de recommander un produit ou un service, je le mets r\u00e9ellement \u00e0 l'\u00e9preuve, je v\u00e9rifie les versions et les tarifs en vigueur, et je signale les limites autant que les atouts. Je me m\u00e9fie des classements de complaisance : un comparatif n'a de valeur que si la m\u00e9thode est transparente. Mon fil rouge, c'est l'utilit\u00e9 concr\u00e8te : aider le lecteur \u00e0 mieux choisir, mieux configurer et mieux se prot\u00e9ger, sans tomber dans le jargon.\",\"url\":\"https:\\\/\\\/ataox.org\\\/blog\\\/auteur\\\/noname\\\/\",\"jobTitle\":\"R\u00e9dacteur en chef \u00b7 Tech & High-tech\",\"knowsAbout\":[\"Tech\",\"High-tech\"],\"email\":\"hugo.l@astuce-hightech.fr\"}]}<\/script>\n<!-- \/ Yoast SEO Premium plugin. -->","yoast_head_json":{"title":"Bataille de Marignan : Histoire Site 2026","description":"La bataille de Marignan, qui a eu lieu en septembre 1515, est un \u00e9v\u00e9nement cl\u00e9 de l'histoire militaire europ\u00e9enne, marquant l'affirmation de la puissance\u2026","robots":{"index":"index","follow":"follow","max-snippet":"max-snippet:-1","max-image-preview":"max-image-preview:large","max-video-preview":"max-video-preview:-1"},"canonical":"https:\/\/ataox.org\/blog\/articles\/bataille-de-marignan\/","og_locale":"fr_FR","og_type":"article","og_title":"Bataille de Marignan : Histoire Site 2026","og_description":"La bataille de Marignan, qui a eu lieu en septembre 1515, est un \u00e9v\u00e9nement cl\u00e9 de l'histoire militaire europ\u00e9enne, marquant l'affirmation de la puissance\u2026","og_url":"https:\/\/ataox.org\/blog\/articles\/bataille-de-marignan\/","og_site_name":"ataox","author":"Hugo L.","twitter_card":"summary_large_image","schema":{"@context":"https:\/\/schema.org","@graph":[{"@type":"NewsArticle","@id":"https:\/\/ataox.org\/blog\/articles\/bataille-de-marignan\/#article","isPartOf":{"@id":"https:\/\/ataox.org\/blog\/articles\/bataille-de-marignan\/"},"author":{"name":"Hugo L.","@id":"https:\/\/ataox.org\/blog\/#\/schema\/person\/3c864cdc320801e3db34b663e7e3f816"},"headline":"Bataille de Marignan : Histoire Site 2026","datePublished":"2026-08-31T09:00:00+00:00","mainEntityOfPage":{"@id":"https:\/\/ataox.org\/blog\/articles\/bataille-de-marignan\/"},"wordCount":811,"commentCount":0,"publisher":{"@id":"https:\/\/ataox.org\/blog\/#organization"},"image":{"@id":"https:\/\/ataox.org\/blog\/articles\/bataille-de-marignan\/#primaryimage"},"thumbnailUrl":"https:\/\/images.pexels.com\/photos\/18326497\/pexels-photo-18326497.jpeg?auto=compress&cs=tinysrgb&fit=crop&h=627&w=1200","articleSection":["Articles"],"inLanguage":"fr-FR","potentialAction":[{"@type":"CommentAction","name":"Comment","target":["https:\/\/ataox.org\/blog\/articles\/bataille-de-marignan\/#respond"]}]},{"@type":"WebPage","@id":"https:\/\/ataox.org\/blog\/articles\/bataille-de-marignan\/","url":"https:\/\/ataox.org\/blog\/articles\/bataille-de-marignan\/","name":"Bataille de Marignan : Histoire Site 2026","isPartOf":{"@id":"https:\/\/ataox.org\/blog\/#website"},"primaryImageOfPage":{"@id":"https:\/\/ataox.org\/blog\/articles\/bataille-de-marignan\/#primaryimage"},"image":{"@id":"https:\/\/ataox.org\/blog\/articles\/bataille-de-marignan\/#primaryimage"},"thumbnailUrl":"https:\/\/images.pexels.com\/photos\/18326497\/pexels-photo-18326497.jpeg?auto=compress&cs=tinysrgb&fit=crop&h=627&w=1200","datePublished":"2026-08-31T09:00:00+00:00","description":"La bataille de Marignan, qui a eu lieu en septembre 1515, est un \u00e9v\u00e9nement cl\u00e9 de l'histoire militaire europ\u00e9enne, marquant l'affirmation de la puissance\u2026","inLanguage":"fr-FR","potentialAction":[{"@type":"ReadAction","target":["https:\/\/ataox.org\/blog\/articles\/bataille-de-marignan\/"]}]},{"@type":"ImageObject","inLanguage":"fr-FR","@id":"https:\/\/ataox.org\/blog\/articles\/bataille-de-marignan\/#primaryimage","url":"https:\/\/images.pexels.com\/photos\/18326497\/pexels-photo-18326497.jpeg?auto=compress&cs=tinysrgb&fit=crop&h=627&w=1200","contentUrl":"https:\/\/images.pexels.com\/photos\/18326497\/pexels-photo-18326497.jpeg?auto=compress&cs=tinysrgb&fit=crop&h=627&w=1200"},{"@type":"WebSite","@id":"https:\/\/ataox.org\/blog\/#website","url":"https:\/\/ataox.org\/blog\/","name":"ataox.org","description":"Ataox, l&#039;innovation au service de la technologie","publisher":{"@id":"https:\/\/ataox.org\/blog\/#organization"},"alternateName":"Ataox, l'innovation au service de la technologie","potentialAction":[{"@type":"SearchAction","target":{"@type":"EntryPoint","urlTemplate":"https:\/\/ataox.org\/blog\/?s={search_term_string}"},"query-input":{"@type":"PropertyValueSpecification","valueRequired":true,"valueName":"search_term_string"}}],"inLanguage":"fr-FR"},{"@type":"Organization","@id":"https:\/\/ataox.org\/blog\/#organization","name":"Foretsensations.fr","url":"https:\/\/ataox.org\/blog\/","logo":{"@type":"ImageObject","inLanguage":"fr-FR","@id":"https:\/\/ataox.org\/blog\/#\/schema\/logo\/image\/","url":"https:\/\/ataox.org\/blog\/wp-content\/uploads\/2024\/12\/12.png","contentUrl":"https:\/\/ataox.org\/blog\/wp-content\/uploads\/2024\/12\/12.png","width":500,"height":500,"caption":"Foretsensations.fr"},"image":{"@id":"https:\/\/ataox.org\/blog\/#\/schema\/logo\/image\/"}},{"@type":"Person","@id":"https:\/\/ataox.org\/blog\/#\/schema\/person\/3c864cdc320801e3db34b663e7e3f816","name":"Hugo L.","image":{"@type":"ImageObject","inLanguage":"fr-FR","@id":"https:\/\/ataox.org\/blog\/wp-content\/uploads\/2026\/06\/persona_hugo-l-96x96.jpg","url":"https:\/\/ataox.org\/blog\/wp-content\/uploads\/2026\/06\/persona_hugo-l-96x96.jpg","contentUrl":"https:\/\/ataox.org\/blog\/wp-content\/uploads\/2026\/06\/persona_hugo-l-96x96.jpg","caption":"Hugo L."},"description":"Geek assum\u00e9 et veilleur tech depuis plus de dix ans, je passe mes journ\u00e9es \u00e0 tester, comparer et expliquer le num\u00e9rique. Mes terrains favoris : les astuces high-tech du quotidien, la s\u00e9curit\u00e9 en ligne et les outils web, des VPN aux logiciels qui simplifient la vie. J'aime prendre un sujet r\u00e9put\u00e9 compliqu\u00e9 et le rendre limpide pour quelqu'un qui n'est pas d\u00e9veloppeur. Avant de recommander un produit ou un service, je le mets r\u00e9ellement \u00e0 l'\u00e9preuve, je v\u00e9rifie les versions et les tarifs en vigueur, et je signale les limites autant que les atouts. Je me m\u00e9fie des classements de complaisance : un comparatif n'a de valeur que si la m\u00e9thode est transparente. Mon fil rouge, c'est l'utilit\u00e9 concr\u00e8te : aider le lecteur \u00e0 mieux choisir, mieux configurer et mieux se prot\u00e9ger, sans tomber dans le jargon.","url":"https:\/\/ataox.org\/blog\/auteur\/noname\/","jobTitle":"R\u00e9dacteur en chef \u00b7 Tech & High-tech","knowsAbout":["Tech","High-tech"],"email":"hugo.l@astuce-hightech.fr"}]}},"_links":{"self":[{"href":"https:\/\/ataox.org\/blog\/wp-json\/wp\/v2\/posts\/7830","targetHints":{"allow":["GET"]}}],"collection":[{"href":"https:\/\/ataox.org\/blog\/wp-json\/wp\/v2\/posts"}],"about":[{"href":"https:\/\/ataox.org\/blog\/wp-json\/wp\/v2\/types\/post"}],"author":[{"embeddable":true,"href":"https:\/\/ataox.org\/blog\/wp-json\/wp\/v2\/users\/34"}],"replies":[{"embeddable":true,"href":"https:\/\/ataox.org\/blog\/wp-json\/wp\/v2\/comments?post=7830"}],"version-history":[{"count":1,"href":"https:\/\/ataox.org\/blog\/wp-json\/wp\/v2\/posts\/7830\/revisions"}],"predecessor-version":[{"id":8092,"href":"https:\/\/ataox.org\/blog\/wp-json\/wp\/v2\/posts\/7830\/revisions\/8092"}],"wp:attachment":[{"href":"https:\/\/ataox.org\/blog\/wp-json\/wp\/v2\/media?parent=7830"}],"wp:term":[{"taxonomy":"category","embeddable":true,"href":"https:\/\/ataox.org\/blog\/wp-json\/wp\/v2\/categories?post=7830"},{"taxonomy":"post_tag","embeddable":true,"href":"https:\/\/ataox.org\/blog\/wp-json\/wp\/v2\/tags?post=7830"}],"curies":[{"name":"wp","href":"https:\/\/api.w.org\/{rel}","templated":true}]}}